{"@context":"https:\/\/schema.org\/","@type":"CollectionPage","@id":"https:\/\/www.altero.cz\/byznys\/#CollectionPage","headline":"Byznys Category","description":"","url":"https:\/\/www.altero.cz\/byznys\/","hasPart":[{"@type":"Article","@id":"https:\/\/www.altero.cz\/z-letiste-v-praze-rovnou-na-jih\/","headline":"Z leti\u0161t\u011b v Praze rovnou na jih","url":"https:\/\/www.altero.cz\/z-letiste-v-praze-rovnou-na-jih\/","datePublished":"2024-08-11","dateModified":"2024-08-11","mainEntityOfPage":"https:\/\/www.altero.cz\/z-letiste-v-praze-rovnou-na-jih\/","author":{"@type":"Person","@id":"https:\/\/www.altero.cz\/author\/#Person","name":"","url":"https:\/\/www.altero.cz\/author\/","identifier":1,"image":{"@type":"ImageObject","@id":"https:\/\/secure.gravatar.com\/avatar\/b74f056f0354b8ee50fcd0e6106aa964423477cb93024726458fce7ffd63d5d8?s=96&d=mm&r=g","url":"https:\/\/secure.gravatar.com\/avatar\/b74f056f0354b8ee50fcd0e6106aa964423477cb93024726458fce7ffd63d5d8?s=96&d=mm&r=g","height":96,"width":96}},"publisher":{"@type":"Organization","name":"altero.cz","logo":{"@type":"ImageObject","@id":"\/logo.png","url":"\/logo.png","width":600,"height":60}},"image":{"@type":"ImageObject","@id":"https:\/\/www.altero.cz\/wp-content\/uploads\/camp-888818_640_1.jpg","url":"https:\/\/www.altero.cz\/wp-content\/uploads\/camp-888818_640_1.jpg","height":0,"width":0},"keywords":null},{"@type":"Article","@id":"https:\/\/www.altero.cz\/zacnete-neco-noveho\/","headline":"Za\u010dn\u011bte n\u011bco nov\u00e9ho","url":"https:\/\/www.altero.cz\/zacnete-neco-noveho\/","datePublished":"2024-08-11","dateModified":"2024-08-11","mainEntityOfPage":"https:\/\/www.altero.cz\/zacnete-neco-noveho\/","author":{"@type":"Person","@id":"https:\/\/www.altero.cz\/author\/#Person","name":"","url":"https:\/\/www.altero.cz\/author\/","identifier":1,"image":{"@type":"ImageObject","@id":"https:\/\/secure.gravatar.com\/avatar\/b74f056f0354b8ee50fcd0e6106aa964423477cb93024726458fce7ffd63d5d8?s=96&d=mm&r=g","url":"https:\/\/secure.gravatar.com\/avatar\/b74f056f0354b8ee50fcd0e6106aa964423477cb93024726458fce7ffd63d5d8?s=96&d=mm&r=g","height":96,"width":96}},"publisher":{"@type":"Organization","name":"altero.cz","logo":{"@type":"ImageObject","@id":"\/logo.png","url":"\/logo.png","width":600,"height":60}},"image":{"@type":"ImageObject","@id":"https:\/\/www.altero.cz\/wp-content\/uploads\/pexels-kindel-media-7688336_10_6.jpg","url":"https:\/\/www.altero.cz\/wp-content\/uploads\/pexels-kindel-media-7688336_10_6.jpg","height":0,"width":0},"keywords":null},{"@type":"Article","@id":"https:\/\/www.altero.cz\/jak-funguje-nonstop-instalater-praha-12\/","headline":"Jak funguje nonstop instalat\u00e9r Praha 12","url":"https:\/\/www.altero.cz\/jak-funguje-nonstop-instalater-praha-12\/","datePublished":"2024-08-10","dateModified":"2024-08-10","mainEntityOfPage":"https:\/\/www.altero.cz\/jak-funguje-nonstop-instalater-praha-12\/","author":{"@type":"Person","@id":"https:\/\/www.altero.cz\/author\/#Person","name":"","url":"https:\/\/www.altero.cz\/author\/","identifier":1,"image":{"@type":"ImageObject","@id":"https:\/\/secure.gravatar.com\/avatar\/b74f056f0354b8ee50fcd0e6106aa964423477cb93024726458fce7ffd63d5d8?s=96&d=mm&r=g","url":"https:\/\/secure.gravatar.com\/avatar\/b74f056f0354b8ee50fcd0e6106aa964423477cb93024726458fce7ffd63d5d8?s=96&d=mm&r=g","height":96,"width":96}},"publisher":{"@type":"Organization","name":"altero.cz","logo":{"@type":"ImageObject","@id":"\/logo.png","url":"\/logo.png","width":600,"height":60}},"image":{"@type":"ImageObject","@id":"https:\/\/www.altero.cz\/wp-content\/uploads\/instalater2_10_10_10_10_3.jpg","url":"https:\/\/www.altero.cz\/wp-content\/uploads\/instalater2_10_10_10_10_3.jpg","height":0,"width":0},"keywords":null},{"@type":"Article","@id":"https:\/\/www.altero.cz\/podzimni-dovolena-v-ceskych-budejovicich\/","headline":"Podzimn\u00ed dovolen\u00e1 v \u010cesk\u00fdch Bud\u011bjovic\u00edch","url":"https:\/\/www.altero.cz\/podzimni-dovolena-v-ceskych-budejovicich\/","datePublished":"2024-08-06","dateModified":"2024-08-06","mainEntityOfPage":"https:\/\/www.altero.cz\/podzimni-dovolena-v-ceskych-budejovicich\/","author":{"@type":"Person","@id":"https:\/\/www.altero.cz\/author\/#Person","name":"","url":"https:\/\/www.altero.cz\/author\/","identifier":1,"image":{"@type":"ImageObject","@id":"https:\/\/secure.gravatar.com\/avatar\/b74f056f0354b8ee50fcd0e6106aa964423477cb93024726458fce7ffd63d5d8?s=96&d=mm&r=g","url":"https:\/\/secure.gravatar.com\/avatar\/b74f056f0354b8ee50fcd0e6106aa964423477cb93024726458fce7ffd63d5d8?s=96&d=mm&r=g","height":96,"width":96}},"publisher":{"@type":"Organization","name":"altero.cz","logo":{"@type":"ImageObject","@id":"\/logo.png","url":"\/logo.png","width":600,"height":60}},"image":{"@type":"ImageObject","@id":"https:\/\/www.altero.cz\/wp-content\/uploads\/ceske-budejovice-7193079_640.jpg","url":"https:\/\/www.altero.cz\/wp-content\/uploads\/ceske-budejovice-7193079_640.jpg","height":0,"width":0},"keywords":null},{"@type":"Article","@id":"https:\/\/www.altero.cz\/mame-sidlo-firmy-v-praze\/","headline":"M\u00e1me s\u00eddlo firmy v Praze","url":"https:\/\/www.altero.cz\/mame-sidlo-firmy-v-praze\/","datePublished":"2024-08-05","dateModified":"2024-08-05","mainEntityOfPage":"https:\/\/www.altero.cz\/mame-sidlo-firmy-v-praze\/","author":{"@type":"Person","@id":"https:\/\/www.altero.cz\/author\/#Person","name":"","url":"https:\/\/www.altero.cz\/author\/","identifier":1,"image":{"@type":"ImageObject","@id":"https:\/\/secure.gravatar.com\/avatar\/b74f056f0354b8ee50fcd0e6106aa964423477cb93024726458fce7ffd63d5d8?s=96&d=mm&r=g","url":"https:\/\/secure.gravatar.com\/avatar\/b74f056f0354b8ee50fcd0e6106aa964423477cb93024726458fce7ffd63d5d8?s=96&d=mm&r=g","height":96,"width":96}},"publisher":{"@type":"Organization","name":"altero.cz","logo":{"@type":"ImageObject","@id":"\/logo.png","url":"\/logo.png","width":600,"height":60}},"image":{"@type":"ImageObject","@id":"https:\/\/www.altero.cz\/wp-content\/uploads\/charles-bridge-5039256_640_1.jpg","url":"https:\/\/www.altero.cz\/wp-content\/uploads\/charles-bridge-5039256_640_1.jpg","height":0,"width":0},"keywords":null},{"@type":"Article","@id":"https:\/\/www.altero.cz\/stavime-z-tvarnic-grimblok\/","headline":"Stav\u00edme z tv\u00e1rnic Grimblok","url":"https:\/\/www.altero.cz\/stavime-z-tvarnic-grimblok\/","datePublished":"2024-07-27","dateModified":"2024-07-27","mainEntityOfPage":"https:\/\/www.altero.cz\/stavime-z-tvarnic-grimblok\/","author":{"@type":"Person","@id":"https:\/\/www.altero.cz\/author\/#Person","name":"","url":"https:\/\/www.altero.cz\/author\/","identifier":1,"image":{"@type":"ImageObject","@id":"https:\/\/secure.gravatar.com\/avatar\/b74f056f0354b8ee50fcd0e6106aa964423477cb93024726458fce7ffd63d5d8?s=96&d=mm&r=g","url":"https:\/\/secure.gravatar.com\/avatar\/b74f056f0354b8ee50fcd0e6106aa964423477cb93024726458fce7ffd63d5d8?s=96&d=mm&r=g","height":96,"width":96}},"publisher":{"@type":"Organization","name":"altero.cz","logo":{"@type":"ImageObject","@id":"\/logo.png","url":"\/logo.png","width":600,"height":60}},"image":{"@type":"ImageObject","@id":"https:\/\/www.altero.cz\/wp-content\/uploads\/real-estate-6688945_640_10.jpg","url":"https:\/\/www.altero.cz\/wp-content\/uploads\/real-estate-6688945_640_10.jpg","height":0,"width":0},"keywords":null},{"@type":"Article","@id":"https:\/\/www.altero.cz\/seznameni-v-zameckem-interieru\/","headline":"Sezn\u00e1men\u00ed v z\u00e1meck\u00e9m interi\u00e9ru","url":"https:\/\/www.altero.cz\/seznameni-v-zameckem-interieru\/","datePublished":"2024-07-27","dateModified":"2024-07-27","mainEntityOfPage":"https:\/\/www.altero.cz\/seznameni-v-zameckem-interieru\/","author":{"@type":"Person","@id":"https:\/\/www.altero.cz\/author\/#Person","name":"","url":"https:\/\/www.altero.cz\/author\/","identifier":1,"image":{"@type":"ImageObject","@id":"https:\/\/secure.gravatar.com\/avatar\/b74f056f0354b8ee50fcd0e6106aa964423477cb93024726458fce7ffd63d5d8?s=96&d=mm&r=g","url":"https:\/\/secure.gravatar.com\/avatar\/b74f056f0354b8ee50fcd0e6106aa964423477cb93024726458fce7ffd63d5d8?s=96&d=mm&r=g","height":96,"width":96}},"publisher":{"@type":"Organization","name":"altero.cz","logo":{"@type":"ImageObject","@id":"\/logo.png","url":"\/logo.png","width":600,"height":60}},"image":{"@type":"ImageObject","@id":"https:\/\/www.altero.cz\/wp-content\/uploads\/fridge-2540444_640.jpg","url":"https:\/\/www.altero.cz\/wp-content\/uploads\/fridge-2540444_640.jpg","height":0,"width":0},"keywords":null},{"@type":"Article","@id":"https:\/\/www.altero.cz\/vsadte-si-muzete-vyhrat\/","headline":"Vsa\u010fte si, m\u016f\u017eete vyhr\u00e1t","url":"https:\/\/www.altero.cz\/vsadte-si-muzete-vyhrat\/","datePublished":"2024-07-26","dateModified":"2024-07-26","mainEntityOfPage":"https:\/\/www.altero.cz\/vsadte-si-muzete-vyhrat\/","author":{"@type":"Person","@id":"https:\/\/www.altero.cz\/author\/#Person","name":"","url":"https:\/\/www.altero.cz\/author\/","identifier":1,"image":{"@type":"ImageObject","@id":"https:\/\/secure.gravatar.com\/avatar\/b74f056f0354b8ee50fcd0e6106aa964423477cb93024726458fce7ffd63d5d8?s=96&d=mm&r=g","url":"https:\/\/secure.gravatar.com\/avatar\/b74f056f0354b8ee50fcd0e6106aa964423477cb93024726458fce7ffd63d5d8?s=96&d=mm&r=g","height":96,"width":96}},"publisher":{"@type":"Organization","name":"altero.cz","logo":{"@type":"ImageObject","@id":"\/logo.png","url":"\/logo.png","width":600,"height":60}},"image":{"@type":"ImageObject","@id":"https:\/\/www.altero.cz\/wp-content\/uploads\/bet-4770238_640(1)_1.jpg","url":"https:\/\/www.altero.cz\/wp-content\/uploads\/bet-4770238_640(1)_1.jpg","height":0,"width":0},"keywords":null},{"@type":"Article","@id":"https:\/\/www.altero.cz\/proc-nechat-uklizet-kancelare-denne\/","headline":"Pro\u010d nechat ukl\u00edzet kancel\u00e1\u0159e denn\u011b","url":"https:\/\/www.altero.cz\/proc-nechat-uklizet-kancelare-denne\/","datePublished":"2024-06-22","dateModified":"2024-06-22","mainEntityOfPage":"https:\/\/www.altero.cz\/proc-nechat-uklizet-kancelare-denne\/","author":{"@type":"Person","@id":"https:\/\/www.altero.cz\/author\/#Person","name":"","url":"https:\/\/www.altero.cz\/author\/","identifier":1,"image":{"@type":"ImageObject","@id":"https:\/\/secure.gravatar.com\/avatar\/b74f056f0354b8ee50fcd0e6106aa964423477cb93024726458fce7ffd63d5d8?s=96&d=mm&r=g","url":"https:\/\/secure.gravatar.com\/avatar\/b74f056f0354b8ee50fcd0e6106aa964423477cb93024726458fce7ffd63d5d8?s=96&d=mm&r=g","height":96,"width":96}},"publisher":{"@type":"Organization","name":"altero.cz","logo":{"@type":"ImageObject","@id":"\/logo.png","url":"\/logo.png","width":600,"height":60}},"image":{"@type":"ImageObject","@id":"https:\/\/www.altero.cz\/wp-content\/uploads\/cleaning-service-3194504_640_10_1.jpg","url":"https:\/\/www.altero.cz\/wp-content\/uploads\/cleaning-service-3194504_640_10_1.jpg","height":0,"width":0},"keywords":null},{"@type":"Article","@id":"https:\/\/www.altero.cz\/jak-se-kotvi-na-fasade-izolacni-polystyren\/","headline":"Jak se kotv\u00ed na fas\u00e1d\u011b izola\u010dn\u00ed polystyren","url":"https:\/\/www.altero.cz\/jak-se-kotvi-na-fasade-izolacni-polystyren\/","datePublished":"2024-06-15","dateModified":"2024-06-15","mainEntityOfPage":"https:\/\/www.altero.cz\/jak-se-kotvi-na-fasade-izolacni-polystyren\/","author":{"@type":"Person","@id":"https:\/\/www.altero.cz\/author\/#Person","name":"","url":"https:\/\/www.altero.cz\/author\/","identifier":1,"image":{"@type":"ImageObject","@id":"https:\/\/secure.gravatar.com\/avatar\/b74f056f0354b8ee50fcd0e6106aa964423477cb93024726458fce7ffd63d5d8?s=96&d=mm&r=g","url":"https:\/\/secure.gravatar.com\/avatar\/b74f056f0354b8ee50fcd0e6106aa964423477cb93024726458fce7ffd63d5d8?s=96&d=mm&r=g","height":96,"width":96}},"publisher":{"@type":"Organization","name":"altero.cz","logo":{"@type":"ImageObject","@id":"\/logo.png","url":"\/logo.png","width":600,"height":60}},"image":{"@type":"ImageObject","@id":"https:\/\/www.altero.cz\/wp-content\/uploads\/architecture-2300341_640_4.jpg","url":"https:\/\/www.altero.cz\/wp-content\/uploads\/architecture-2300341_640_4.jpg","height":0,"width":0},"keywords":null}]}