[{"@context":"https:\/\/schema.org\/","@type":"Article","@id":"https:\/\/www.altero.cz\/material-na-kocarek\/#Article","mainEntityOfPage":"https:\/\/www.altero.cz\/material-na-kocarek\/","headline":"Materi\u00e1l na ko\u010d\u00e1rek","name":"Materi\u00e1l na ko\u010d\u00e1rek","description":"Pokud m\u00e1te mal\u00e9 miminko anebo \u010dek\u00e1te p\u0159\u00edr\u016fstek do rodiny, tak tak\u00e9 ur\u010dit\u011b p\u0159em\u00fd\u0161l\u00edte, co je\u0161t\u011b m\u00e1te m\u00edt doma, aby miminko na sv\u011bt k v\u00e1m dom\u016f p\u0159i\u0161lo opravdu v po\u0159\u00e1dku. M\u00e1te u\u017e koupen\u00e9 t\u0159eba pl\u00ednky anebo&hellip;","datePublished":"2024-06-12","dateModified":"2024-06-12","author":{"@type":"Person","@id":"https:\/\/www.altero.cz\/author\/#Person","name":"","url":"https:\/\/www.altero.cz\/author\/","identifier":1,"image":{"@type":"ImageObject","@id":"https:\/\/secure.gravatar.com\/avatar\/b74f056f0354b8ee50fcd0e6106aa964423477cb93024726458fce7ffd63d5d8?s=96&d=mm&r=g","url":"https:\/\/secure.gravatar.com\/avatar\/b74f056f0354b8ee50fcd0e6106aa964423477cb93024726458fce7ffd63d5d8?s=96&d=mm&r=g","height":96,"width":96}},"publisher":{"@type":"Organization","name":"altero.cz","logo":{"@type":"ImageObject","@id":"\/logo.png","url":"\/logo.png","width":600,"height":60}},"image":{"@type":"ImageObject","@id":"https:\/\/www.altero.cz\/wp-content\/uploads\/baby-carriage-891080_1280_1.jpg","url":"https:\/\/www.altero.cz\/wp-content\/uploads\/baby-carriage-891080_1280_1.jpg","height":0,"width":0},"url":"https:\/\/www.altero.cz\/material-na-kocarek\/","about":["N\u00e1kupy"],"wordCount":420,"articleBody":"   Pokud m\u00e1te mal\u00e9 miminko anebo \u010dek\u00e1te p\u0159\u00edr\u016fstek do rodiny, tak tak\u00e9 ur\u010dit\u011b p\u0159em\u00fd\u0161l\u00edte, co je\u0161t\u011b m\u00e1te m\u00edt doma, aby miminko na sv\u011bt k v\u00e1m dom\u016f p\u0159i\u0161lo opravdu v po\u0159\u00e1dku. M\u00e1te u\u017e koupen\u00e9 t\u0159eba pl\u00ednky anebo n\u011bjakou d\u011btskou kosmetiku? A co ko\u010d\u00e1rek? Pokud m\u00e1te ko\u010d\u00e1rek, tak p\u0159edpokl\u00e1d\u00e1m, \u017ee jste si asi vyb\u00edrali barvu ko\u010d\u00e1rku podle toho, jestli budete m\u00edt hol\u010di\u010dku anebo chlape\u010dka. Ko\u010d\u00e1rkovina je opravdu kr\u00e1sn\u00fd a kvalitn\u00ed pevn\u00fd materi\u00e1l. Ko\u010d\u00e1rkovina je ve v\u011bt\u0161in\u011b p\u0159\u00edpad\u016f tak\u00e9 t\u00e9m\u011b\u0159 nepromokav\u00fd materi\u00e1l. Jenom si vezm\u011bte t\u0159eba, kdyby sprchlo, pr\u0161elo by jenom chvilku a m\u011bli byste ko\u010d\u00e1rek t\u0159eba z n\u011bjak\u00e9 bavlny nebo bio bavlny anebo z n\u011b\u010deho podobn\u00e9ho.Tohle logicky v\u017edycky promrzne anebo tak\u00e9 promokne, tak\u017ee va\u0161e miminko by potom sp\u00ed\u0161e, ne\u017e v ko\u010d\u00e1rku bylo n\u011bkde v baz\u00e9nku. Ale jsem r\u00e1da, \u017ee existuje opravdu kvalitn\u00ed materi\u00e1l, kter\u00fd se vyu\u017e\u00edv\u00e1 na ko\u010d\u00e1rek. Ko\u010d\u00e1rkovinu se\u017eenete nap\u0159\u00edklad na webov\u00e9 str\u00e1nce primaobchod.cz. A jsou tady r\u016fzn\u00e9 produkty a dal\u0161\u00ed l\u00e1tky, jako je man\u0161estr, kter\u00fd je tak je velice obl\u00edben\u00fd, a dokonce d\u0159\u00edve v n\u011bkter\u00fdch letech se d\u011blal ko\u010d\u00e1rek tak\u00e9 z man\u0161estru, a dokonce tak\u00e9 ze \u0161us\u0165\u00e1koviny. Moje kamar\u00e1dka pr\u00e1v\u011b kdysi m\u011bla opravdu kr\u00e1sn\u00fd retro ko\u010d\u00e1rek a byl takov\u00fd tmav\u011b hn\u011bd\u00fd z man\u0161estru. Mysl\u00edm si, \u017ee to bylo opravdu skv\u011bl\u00e9, proto\u017ee se za kamar\u00e1dkou a jej\u00edm retro ko\u010d\u00e1rkem v\u0161ichni ot\u00e1\u010deli. Ka\u017ed\u00fd se na n\u011bj cht\u011bl pod\u00edvat a potom s nostalgi\u00ed vzpom\u00ednali, \u017ee tento man\u0161estrov\u00fd ko\u010d\u00e1rek m\u011bli tak\u00e9. J\u00e1 d\u00e1v\u00e1m ale p\u0159ednost sp\u00ed\u0161e modern\u00edm v\u011bcem, tak\u017ee kdy\u017e se mi narodilo moje prvn\u00ed d\u00edt\u011b, tak jsem si koupila opravdu kr\u00e1snou k\u0159iklavou r\u016f\u017eovou ko\u010d\u00e1rkovinu. Byl to kr\u00e1sn\u00fd ko\u010d\u00e1rek z r\u016f\u017eov\u00e9 ko\u010d\u00e1rkoviny a mn\u011b se tohle moc l\u00edbilo. Jsem opravdu r\u00e1da, \u017ee to byla hol\u010di\u010dka, proto\u017ee r\u016f\u017eovou barvu miluji. Ale kdyby to byl chlape\u010dek, tak si vyberu ur\u010dit\u011b \u017elut\u00fd ko\u010d\u00e1rek, proto\u017ee \u017elut\u00e1 barva je tak\u00e9 obl\u00edben\u00e1.                                                                                                                                                                                                                                                                                                                                                                                                   "},{"@context":"https:\/\/schema.org\/","@type":"BreadcrumbList","itemListElement":[{"@type":"ListItem","position":1,"name":"Materi\u00e1l na ko\u010d\u00e1rek","item":"https:\/\/www.altero.cz\/material-na-kocarek\/#breadcrumbitem"}]}]