[{"@context":"https:\/\/schema.org\/","@type":"Article","@id":"https:\/\/www.altero.cz\/nase-vzdelavani\/#Article","mainEntityOfPage":"https:\/\/www.altero.cz\/nase-vzdelavani\/","headline":"Na\u0161e vzd\u011bl\u00e1v\u00e1n\u00ed","name":"Na\u0161e vzd\u011bl\u00e1v\u00e1n\u00ed","description":"U\u010d\u00edte se r\u00e1di? Je pro v\u00e1s \u0161kola opravdu hodn\u011b d\u016fle\u017eit\u00e1? Jsou n\u011bkte\u0159\u00ed lid\u00e9, kter\u00fdm je\u00a0zase \u0161kola ale \u00fapln\u011b ukraden\u00e1. A\u00a0to nap\u0159\u00edklad m\u00e9mu kamar\u00e1dovi. M\u016fj kamar\u00e1d byl soused a bydlel vedle n\u00e1s. Cel\u00e1 jeho rodina byla&hellip;","datePublished":"2024-01-31","dateModified":"2024-01-31","author":{"@type":"Person","@id":"https:\/\/www.altero.cz\/author\/#Person","name":"","url":"https:\/\/www.altero.cz\/author\/","identifier":1,"image":{"@type":"ImageObject","@id":"https:\/\/secure.gravatar.com\/avatar\/b74f056f0354b8ee50fcd0e6106aa964423477cb93024726458fce7ffd63d5d8?s=96&d=mm&r=g","url":"https:\/\/secure.gravatar.com\/avatar\/b74f056f0354b8ee50fcd0e6106aa964423477cb93024726458fce7ffd63d5d8?s=96&d=mm&r=g","height":96,"width":96}},"publisher":{"@type":"Organization","name":"altero.cz","logo":{"@type":"ImageObject","@id":"\/logo.png","url":"\/logo.png","width":600,"height":60}},"image":{"@type":"ImageObject","@id":"https:\/\/www.altero.cz\/wp-content\/uploads\/notebook-2178656_1280%20(1).jpg","url":"https:\/\/www.altero.cz\/wp-content\/uploads\/notebook-2178656_1280%20(1).jpg","height":0,"width":0},"url":"https:\/\/www.altero.cz\/nase-vzdelavani\/","about":["Vzd\u011bl\u00e1n\u00ed"],"wordCount":446,"articleBody":"U\u010d\u00edte se r\u00e1di? Je pro v\u00e1s \u0161kola opravdu hodn\u011b d\u016fle\u017eit\u00e1? Jsou n\u011bkte\u0159\u00ed lid\u00e9, kter\u00fdm je\u00a0zase \u0161kola ale \u00fapln\u011b ukraden\u00e1. A\u00a0to nap\u0159\u00edklad m\u00e9mu kamar\u00e1dovi. M\u016fj kamar\u00e1d byl soused a bydlel vedle n\u00e1s. Cel\u00e1 jeho rodina byla sice takov\u00e1 velice p\u0159\u00edjemn\u00e1 a p\u0159\u00e1telsk\u00e1, ale to se t\u00fdkalo \u0161koly nebo vzd\u011bl\u00e1v\u00e1n\u00ed,\u00a0tak to bylo u nich opravdu na nule. N\u011bkdy jsem se za n\u011b styd\u011bla. Proto\u017ee kdy\u017e jsme se tam p\u0159ist\u011bhovali, tak jsem je m\u011bla opravdu za skv\u011bl\u00e9 lidi. Ano, samoz\u0159ejm\u011b oni jsou st\u00e1le skv\u011bl\u00ed lidi, jenom\u017ee t\u0159eba kdy\u017e oni n\u011bkdy mluv\u00ed, tak je mi n\u011bkdy za n\u011b a\u017e trapn\u011b. Nev\u00ed r\u016fzn\u00e9 takov\u00e9 v\u011bci, kter\u00e9 v dne\u0161n\u00ed dob\u011b u\u017e zn\u00e1\u00a0t\u0159eba i \u017e\u00e1k sedm\u00e9\u00a0nebo osm\u00e9 t\u0159\u00eddy a oni tohle nev\u00ed ani v dosp\u011blosti. Kolikr\u00e1t jsem si \u0159\u00edkala, jestli t\u0159eba s nimi neztr\u00e1c\u00edm \u010das. Ale samoz\u0159ejm\u011b j\u00e1 zase nejsem takov\u00fd typ \u010dlov\u011bka, co soud\u00ed druh\u00e9ho podle toho, co um\u00ed anebo jakou m\u00e1\u0161 \u0161kolu. V\u0161ichni maj\u00ed maxim\u00e1ln\u011b v\u00fdu\u010dn\u00ed listy. Mn\u011b tohle nevad\u00ed, ale kolikr\u00e1t, kdy\u017e jsem t\u0159eba se sv\u00fdmi star\u00fdmi p\u0159\u00e1teli z jin\u00e9ho m\u011bsta a vezmu tam tak\u00e9 sv\u00e9ho kamar\u00e1da a kamar\u00e1dku z toho nov\u00e9ho bydli\u0161t\u011b, tak\u00a0mi je n\u011bkdy a\u017e trapn\u011b. Oni ani o tom nev\u00ed, \u017ee se jim n\u011bkdo sm\u011bje. J\u00e1 u\u017e se jim samoz\u0159ejm\u011b nesm\u011bji, proto\u017ee m\u011b\u00a0to p\u0159ijde takov\u00e9 blb\u00e9, proto\u017ee u\u017e jsem si na to zvykla, ale mysl\u00edm si, \u017ee n\u011bkter\u00fd lid\u00e9 by m\u011bli tak\u00e9 v\u011bd\u011bt, \u017ee vzd\u011bl\u00e1n\u00ed je hodn\u011b d\u016fle\u017eit\u00e9.Mysl\u00edm si, \u017ee t\u0159eba maturita nen\u00ed v\u016fbec na \u0161kodu. Mnoho lid\u00ed by\u00a0tak\u00e9 m\u011blo zauva\u017eovat, jak\u00e9 vzd\u011bl\u00e1n\u00ed pro n\u011b bude nejd\u016fle\u017eit\u011bj\u0161\u00ed, proto\u017ee kdy\u017e t\u0159eba cht\u011bj\u00ed d\u011blat n\u011bjak\u00e9 zam\u011bstn\u00e1n\u00ed, tak samoz\u0159ejm\u011b taky na to mus\u00ed m\u00edt r\u016fznou specializaci, mus\u00ed v\u011bd\u011bt, jakou \u0161kolu vystudovat a tak podobn\u011b. Je logick\u00e9, \u017ee t\u0159eba pr\u00e1vn\u00edk nem\u016f\u017ee b\u00fdt ten, kter\u00fd m\u00e1 jenom t\u0159eba z\u00e1kladn\u00ed vzd\u011bl\u00e1n\u00ed, ale \u0159eknu v\u00e1m, \u017ee zn\u00e1m n\u011bkolik lid\u00ed, kte\u0159\u00ed maj\u00ed z\u00e1kladn\u00ed vzd\u011bl\u00e1n\u00ed, ale maj\u00ed opravdu skv\u011ble rozjetou kari\u00e9ru. T\u0159eba jsou \u0161ikovn\u00ed manu\u00e1ln\u011b a maj\u00ed t\u0159eba n\u011bjakou n\u00e1bytk\u00e1\u0159skou nebo stavebn\u00ed firmu.\u00a0                                                                                                                                                                                                                                                                                                                                                                                                "},{"@context":"https:\/\/schema.org\/","@type":"BreadcrumbList","itemListElement":[{"@type":"ListItem","position":1,"name":"Na\u0161e vzd\u011bl\u00e1v\u00e1n\u00ed","item":"https:\/\/www.altero.cz\/nase-vzdelavani\/#breadcrumbitem"}]}]