[{"@context":"https:\/\/schema.org\/","@type":"Article","@id":"https:\/\/www.altero.cz\/nejsou-doktori\/#Article","mainEntityOfPage":"https:\/\/www.altero.cz\/nejsou-doktori\/","headline":"Nejsou dokto\u0159i","name":"Nejsou dokto\u0159i","description":"Kdy\u017e n\u00e1m nen\u00ed zrovna nejl\u00e9pe a mohou za to zdravotn\u00ed probl\u00e9my, vyr\u00e1\u017e\u00edme obvykle k\u00a0doktorovi. Zejm\u00e9na pokud je n\u00e1m n\u011bco, co si nedok\u00e1\u017eeme vyl\u00e9\u010dit sami. Ov\u0161em doktorem se \u010dlov\u011bk nest\u00e1v\u00e1 snadno, pracovn\u00ed podm\u00ednky l\u00e9ka\u0159\u016f tak\u00e9 neb\u00fdvaj\u00ed&hellip;","datePublished":"2023-10-29","dateModified":"2023-10-29","author":{"@type":"Person","@id":"https:\/\/www.altero.cz\/author\/#Person","name":"","url":"https:\/\/www.altero.cz\/author\/","identifier":1,"image":{"@type":"ImageObject","@id":"https:\/\/secure.gravatar.com\/avatar\/b74f056f0354b8ee50fcd0e6106aa964423477cb93024726458fce7ffd63d5d8?s=96&d=mm&r=g","url":"https:\/\/secure.gravatar.com\/avatar\/b74f056f0354b8ee50fcd0e6106aa964423477cb93024726458fce7ffd63d5d8?s=96&d=mm&r=g","height":96,"width":96}},"publisher":{"@type":"Organization","name":"altero.cz","logo":{"@type":"ImageObject","@id":"\/logo.png","url":"\/logo.png","width":600,"height":60}},"image":{"@type":"ImageObject","@id":"https:\/\/www.altero.cz\/wp-content\/uploads\/%C5%BE%C5%BE_10_5.jpg","url":"https:\/\/www.altero.cz\/wp-content\/uploads\/%C5%BE%C5%BE_10_5.jpg","height":0,"width":0},"url":"https:\/\/www.altero.cz\/nejsou-doktori\/","about":["Zdrav\u00ed"],"wordCount":436,"articleBody":"Kdy\u017e n\u00e1m nen\u00ed zrovna nejl\u00e9pe a mohou za to zdravotn\u00ed probl\u00e9my, vyr\u00e1\u017e\u00edme obvykle k\u00a0doktorovi. Zejm\u00e9na pokud je n\u00e1m n\u011bco, co si nedok\u00e1\u017eeme vyl\u00e9\u010dit sami. Ov\u0161em doktorem se \u010dlov\u011bk nest\u00e1v\u00e1 snadno, pracovn\u00ed podm\u00ednky l\u00e9ka\u0159\u016f tak\u00e9 neb\u00fdvaj\u00ed \u010dasto z\u00e1vid\u011bn\u00edhodn\u00e9, a tak doch\u00e1z\u00ed k\u00a0tomu, k\u00a0\u010demu doch\u00e1z\u00ed. Dokto\u0159i st\u00e1rnou a odch\u00e1zej\u00ed na zaslou\u017een\u00fd odpo\u010dinek, n\u011bkdy odch\u00e1zej\u00ed za lep\u0161\u00edm t\u0159eba do ciziny nebo mimo obor, nov\u00fdch nep\u0159ich\u00e1z\u00ed dost. A pak z\u00e1konit\u011b sch\u00e1zej\u00ed. A s\u00a0t\u00edm se zhor\u0161uje i dostupnost zdravotn\u00ed p\u00e9\u010de.S\u00a0nedostatkem n\u011bkter\u00fdch l\u00e9ka\u0159\u016f se setk\u00e1vaj\u00ed mnoz\u00ed z\u00a0n\u00e1s. A pak hled\u00e1me a hled\u00e1me, kter\u00fd by se n\u00e1s ujal. A t\u0159eba hled\u00e1me i v\u00a0jin\u00e9m m\u011bst\u011b, ba i okrese a kraji. Mus\u00edme to d\u011blat a na\u0161t\u011bst\u00ed to d\u011blat i m\u016f\u017eeme. My, kdo jsme na svobod\u011b. Ale co maj\u00ed d\u011blat v\u011bzni? Ti se dost\u00e1vaj\u00ed do podobn\u00fdch probl\u00e9m\u016f. Jak jsem se do\u010detl, je situace se zdravotn\u00edky ve v\u011bzen\u00edch dokonce katastrof\u00e1ln\u00ed. V\u00a0dev\u00edti z\u00a0deseti v\u011bznic se pr\u00fd v\u011bzni nemaj\u00ed \u0161anci dostat k\u00a0l\u00e9ka\u0159i v\u00a0den, kdy se u nich objev\u00ed zdravotn\u00ed probl\u00e9my, a v\u011bzni si tak nejednou po\u0159izuj\u00ed pot\u0159ebn\u00e9 l\u00e9ky pokoutn\u011b a st\u011b\u017euj\u00ed si, ov\u0161em marn\u011b. Zdravotn\u00edci se prost\u011b do v\u011bznic nehrnou, tyto jsou nav\u00edc p\u0159epln\u011bn\u00e9, a tak se p\u00e9\u010de nejednou nedost\u00e1v\u00e1 a je to s\u00a0n\u00ed komplikovan\u00e9. A pak se to \u0159e\u0161\u00ed, jak jenom se to \u0159e\u0161it d\u00e1.A jak\u00e9 je pr\u00fd jedin\u00e9 \u0159e\u0161en\u00ed, kter\u00e9 by bylo zvl\u00e1dnuteln\u00e9 a sou\u010dasn\u011b by pomohlo? Kdyby se nab\u00edzelo v\u00edc alternativn\u00edch trest\u016f za m\u00e9n\u011b z\u00e1va\u017enou trestnou \u010dinnost, aby ubylo t\u011bch, kdo jsou zbyte\u010dn\u011b zav\u0159en\u00ed. Pak by m\u011bli i v\u011bze\u0148\u0161t\u00ed zdravotn\u00edci m\u00e9n\u011b pr\u00e1ce a l\u00e9pe by se to zvl\u00e1dalo.Ale ani dne\u0161n\u00ed situace nen\u00ed jenom negativn\u00ed. M\u00e1 i svou potenci\u00e1ln\u011b pozitivn\u00ed str\u00e1nku. A tou je skute\u010dnost, \u017ee se v\u011bzni za m\u0159\u00ed\u017eemi nemaj\u00ed pr\u00e1v\u011b nejl\u00e9pe. Ba sp\u00ed\u0161e naopak. A kdyby slo\u017eit\u00e1 dostupnost zdravotn\u00ed p\u00e9\u010de odradila aspo\u0148 n\u011bkoho z\u00a0lid\u00ed od p\u00e1ch\u00e1n\u00ed trestn\u00e9 \u010dinnosti jako\u017eto re\u00e1ln\u00e1 hrozba, bude l\u00edp n\u00e1m v\u0161em.                                                                                                                                                                                                                                                                                                                                                                                                "},{"@context":"https:\/\/schema.org\/","@type":"BreadcrumbList","itemListElement":[{"@type":"ListItem","position":1,"name":"Nejsou dokto\u0159i","item":"https:\/\/www.altero.cz\/nejsou-doktori\/#breadcrumbitem"}]}]