[{"@context":"https:\/\/schema.org\/","@type":"Article","@id":"https:\/\/www.altero.cz\/podzimni-dovolena-v-ceskych-budejovicich\/#Article","mainEntityOfPage":"https:\/\/www.altero.cz\/podzimni-dovolena-v-ceskych-budejovicich\/","headline":"Podzimn\u00ed dovolen\u00e1 v \u010cesk\u00fdch Bud\u011bjovic\u00edch","name":"Podzimn\u00ed dovolen\u00e1 v \u010cesk\u00fdch Bud\u011bjovic\u00edch","description":"Tak\u00e9 si rad\u011bji vyb\u00edr\u00e1te dovolenou mimo letn\u00ed pr\u00e1zdniny, kdy je v\u0161ude spousta d\u011bt\u00ed i dosp\u011bl\u00fdch, a nem\u00e1te na dovolen\u00e9 pot\u0159ebn\u00fd klid? Objedn\u00e1v\u00e1te ubytov\u00e1n\u00ed bu\u010f v polovin\u011b \u010dervna, anebo v z\u00e1\u0159\u00ed, abyste si je\u0161t\u011b u\u017eili tepl\u00e9ho&hellip;","datePublished":"2024-08-06","dateModified":"2024-08-06","author":{"@type":"Person","@id":"https:\/\/www.altero.cz\/author\/#Person","name":"","url":"https:\/\/www.altero.cz\/author\/","identifier":1,"image":{"@type":"ImageObject","@id":"https:\/\/secure.gravatar.com\/avatar\/b74f056f0354b8ee50fcd0e6106aa964423477cb93024726458fce7ffd63d5d8?s=96&d=mm&r=g","url":"https:\/\/secure.gravatar.com\/avatar\/b74f056f0354b8ee50fcd0e6106aa964423477cb93024726458fce7ffd63d5d8?s=96&d=mm&r=g","height":96,"width":96}},"publisher":{"@type":"Organization","name":"altero.cz","logo":{"@type":"ImageObject","@id":"\/logo.png","url":"\/logo.png","width":600,"height":60}},"image":{"@type":"ImageObject","@id":"https:\/\/www.altero.cz\/wp-content\/uploads\/ceske-budejovice-7193079_640.jpg","url":"https:\/\/www.altero.cz\/wp-content\/uploads\/ceske-budejovice-7193079_640.jpg","height":0,"width":0},"url":"https:\/\/www.altero.cz\/podzimni-dovolena-v-ceskych-budejovicich\/","about":["Byznys"],"wordCount":403,"articleBody":"        Tak\u00e9 si rad\u011bji vyb\u00edr\u00e1te dovolenou mimo letn\u00ed pr\u00e1zdniny, kdy je v\u0161ude spousta d\u011bt\u00ed i dosp\u011bl\u00fdch, a nem\u00e1te na dovolen\u00e9 pot\u0159ebn\u00fd klid? Objedn\u00e1v\u00e1te ubytov\u00e1n\u00ed bu\u010f v polovin\u011b \u010dervna, anebo v z\u00e1\u0159\u00ed, abyste si je\u0161t\u011b u\u017eili tepl\u00e9ho po\u010das\u00ed, a z\u00e1rove\u0148 polopr\u00e1zdn\u00fdch restaurac\u00ed, kemp\u016f, \u010dajoven \u010di cukr\u00e1ren? Pak v\u00e1z srde\u010dn\u011b zveme do \u010cesk\u00fdch Bud\u011bjovic, kter\u00e9 v\u00e1s dovedou p\u0159\u00edjemn\u011b p\u0159ekvapit i v tyto m\u011bs\u00edce. Co bychom v\u00e1m tu mohli nab\u00eddnout?Projd\u011bte se historick\u00fdm centrem \u2013 kdo je v \u010cesk\u00fdch Bud\u011bjovic\u00edch poprv\u00e9, m\u011bl by zav\u00edtat na \u010cernou v\u011b\u017e a na n\u00e1m\u011bst\u00ed P\u0159emysla Otakara II. Jsou tu zaj\u00edmav\u00e9 barokn\u00ed \u010di renesan\u010dn\u00ed fas\u00e1dy m\u011b\u0161\u0165ansk\u00fdch dom\u016f a nedaleko odtud se nach\u00e1z\u00ed St\u0159eleck\u00fd ostrov s kryt\u00fdm plaveck\u00fdm baz\u00e9nem. M\u016f\u017eete tu absolvovat velmi p\u0159\u00edjemn\u00e9 proch\u00e1zky pod\u00e9l Mal\u0161e \u010di Vltavy, anebo pod\u00e9l Ml\u00fdnsk\u00e9 stoky, kter\u00e1 na okraji m\u011bstsk\u00fdch sad\u016f obt\u00e1\u010d\u00ed historick\u00e9 centrum a\u017e ke St\u0159eleck\u00e9mu ostrovu a k Jir\u00e1skovu jezu. Cestou se zastavte v n\u011bkter\u00e9 z restaurac\u00ed, pizzeri\u00ed, \u010dajoven \u010di cukr\u00e1ren a u\u017eijte si tamn\u00ed atmosf\u00e9ru, kterou v jin\u00e9m m\u011bst\u011b neza\u017eijete.Usedn\u011bte na kolo \u2013 \u010ceskobud\u011bjovick\u00e1 p\u00e1nev navazuje na Blansk\u00fd les a tam bychom v\u00e1s r\u00e1di pozvali na jednodenn\u00ed v\u00fdlet. Na kole se tu m\u016f\u017eete proj\u00ed\u017ed\u011bt pod\u00e9l Vltavy v \u00faseku mezi Vy\u0161\u0161\u00edm Brodem a \u010cesk\u00fdmi Bud\u011bjovicemi, a jste-li v dobr\u00e9 kondici, vy\u0161l\u00e1pn\u011bte to a\u017e na Kle\u0165, stoj\u00ed to za to. Z rozhledny je fantastick\u00fd v\u00fdhled a v \u010dervnu \u010di v z\u00e1\u0159\u00ed tu s velkou pravd\u011bpodobnost\u00ed mraky turist\u016f nebudou.Zkuste to na vod\u011b \u2013 \u010dervenec a srpen nejsou pro splouv\u00e1n\u00ed Vltavy p\u0159\u00edli\u0161 vhodn\u00e9, je tu n\u011bkdy vysloven\u011b narv\u00e1no a vod\u00e1ctv\u00ed se tu sp\u00ed\u0161e podob\u00e1 komer\u010dn\u00ed z\u00e1bav\u011b. V \u010dervnu a v z\u00e1\u0159\u00ed je Vltava lidupr\u00e1zdn\u00e1 a budete tu m\u00edt klid. U\u017eijte si plavbu a\u017e do centra \u010cesk\u00fdch Bud\u011bjovic, kter\u00e9 je vzd\u00e1leno od m\u00edsta levn\u00e9ho ubytov\u00e1n\u00ed pro \u010cesk\u00e9 Bud\u011bjovice a okol\u00ed na okraji m\u011bstsk\u00e9ho parku Stromovka jen p\u00e1r stovek metr\u016f.                                                                                                                                                                                                                                                                                                                                                                                                  "},{"@context":"https:\/\/schema.org\/","@type":"BreadcrumbList","itemListElement":[{"@type":"ListItem","position":1,"name":"Podzimn\u00ed dovolen\u00e1 v \u010cesk\u00fdch Bud\u011bjovic\u00edch","item":"https:\/\/www.altero.cz\/podzimni-dovolena-v-ceskych-budejovicich\/#breadcrumbitem"}]}]