[{"@context":"https:\/\/schema.org\/","@type":"Article","@id":"https:\/\/www.altero.cz\/seznameni-v-zameckem-interieru\/#Article","mainEntityOfPage":"https:\/\/www.altero.cz\/seznameni-v-zameckem-interieru\/","headline":"Sezn\u00e1men\u00ed v z\u00e1meck\u00e9m interi\u00e9ru","name":"Sezn\u00e1men\u00ed v z\u00e1meck\u00e9m interi\u00e9ru","description":"Zn\u00e1te film Noc na z\u00e1mku z roku 1981? Do hlavn\u00edch rol\u00ed obsadil re\u017eis\u00e9r Milan Muchna Lu\u010fka Sobotu a zp\u011bva\u010dku z dua Kam\u00e9lie Danu Vlkovou. Lud\u011bk Sobota vdechl krimin\u00e1ln\u00ed z\u00e1pletce sp\u00ed\u0161e humorn\u00fd podtext a div\u00e1ci se&hellip;","datePublished":"2024-07-27","dateModified":"2024-07-27","author":{"@type":"Person","@id":"https:\/\/www.altero.cz\/author\/#Person","name":"","url":"https:\/\/www.altero.cz\/author\/","identifier":1,"image":{"@type":"ImageObject","@id":"https:\/\/secure.gravatar.com\/avatar\/b74f056f0354b8ee50fcd0e6106aa964423477cb93024726458fce7ffd63d5d8?s=96&d=mm&r=g","url":"https:\/\/secure.gravatar.com\/avatar\/b74f056f0354b8ee50fcd0e6106aa964423477cb93024726458fce7ffd63d5d8?s=96&d=mm&r=g","height":96,"width":96}},"publisher":{"@type":"Organization","name":"altero.cz","logo":{"@type":"ImageObject","@id":"\/logo.png","url":"\/logo.png","width":600,"height":60}},"image":{"@type":"ImageObject","@id":"https:\/\/www.altero.cz\/wp-content\/uploads\/fridge-2540444_640.jpg","url":"https:\/\/www.altero.cz\/wp-content\/uploads\/fridge-2540444_640.jpg","height":0,"width":0},"url":"https:\/\/www.altero.cz\/seznameni-v-zameckem-interieru\/","about":["Byznys"],"wordCount":495,"articleBody":"                Zn\u00e1te film Noc na z\u00e1mku z roku 1981? Do hlavn\u00edch rol\u00ed obsadil re\u017eis\u00e9r Milan Muchna Lu\u010fka Sobotu a zp\u011bva\u010dku z dua Kam\u00e9lie Danu Vlkovou. Lud\u011bk Sobota vdechl krimin\u00e1ln\u00ed z\u00e1pletce sp\u00ed\u0161e humorn\u00fd podtext a div\u00e1ci se mohli mimo jin\u00e9 pokochat kr\u00e1sn\u00fdmi historick\u00fdmi kost\u00fdmy. Pointa filmu ov\u0161em spo\u010d\u00edvala v sezn\u00e1men\u00ed dvou mlad\u00fdch lid\u00ed, kte\u0159\u00ed si tu, jak se \u0159\u00edk\u00e1, padli do oka, a uv\u011bdomili si, \u017ee by cht\u011bli d\u00e1l kr\u00e1\u010det \u017eivotem, co\u017e (mo\u017en\u00e1) stvrd\u00ed na m\u011bstsk\u00e9 radnici navle\u010den\u00edm snubn\u00edch prsten\u016f.Jestli\u017ee pr\u00e1v\u011b vy pl\u00e1nujete sv\u00e9 prvn\u00ed rande s p\u0159\u00edtelkyn\u00ed, kter\u00e1 m\u00e1 kladn\u00fd vztah k um\u011bn\u00ed a k historick\u00fdm pam\u00e1tk\u00e1m, m\u016f\u017eete podniknout prohl\u00eddku z\u00e1meck\u00e9ho interi\u00e9ru v \u010cesk\u00e9m Krumlov\u011b, kde se nach\u00e1z\u00ed p\u0159ekr\u00e1sn\u00e9 tapiserie, a kde mimo jin\u00e9 m\u016f\u017eete spat\u0159it i v\u00fdznamn\u00e9 stavby v k\u0159ivolak\u00fdch renesan\u010dn\u00edch uli\u010dk\u00e1ch m\u011bstsk\u00e9 pam\u00e1tkov\u00e9 rezervace. Vra\u0165me se ale na okam\u017eik ke zmi\u0148ovan\u00fdm tapiseri\u00edm. Tapiserie jsou v\u00edcem\u00e9n\u011b odkazem na\u0161ich p\u0159edk\u016f a m\u016f\u017eete se s nimi setkat v z\u00e1meck\u00fdch interi\u00e9rech i na n\u011bkter\u00fdch v\u00fdstav\u00e1ch, kde se p\u0159edstavuj\u00ed i sou\u010dasn\u00ed um\u011blci. Na t\u011bchto m\u00edstech jsou tapiserie vy\u010di\u0161t\u011bn\u00e9 a m\u00e1te pocit, jako kdyby je tam pov\u011bsil n\u011bkdo v\u010dera, a \u0161lo o tak\u0159ka nov\u00e9 v\u00fdrobky, ov\u0161em toto iluzorn\u00ed klamn\u00e9 zd\u00e1n\u00ed vytv\u00e1\u0159\u00ed lid\u00e9, kte\u0159\u00ed se pod\u00edlej\u00ed na jejich renovaci. Prov\u00e1d\u00ed \u010di\u0161t\u011bn\u00ed tapiseri\u00ed velmi citliv\u011b ru\u010dn\u00edm procesem, jde o mraven\u010d\u00ed pr\u00e1ci, kter\u00e1 by mnoh\u00e9 z v\u00e1s odradila, a jako zdroj ob\u017eivy by pro v\u00e1s z\u0159ejm\u011b nebyla \u00fapln\u011b ide\u00e1ln\u00ed, ka\u017edop\u00e1dn\u011b bychom m\u011bli b\u00fdt vd\u011b\u010dni, \u017ee m\u00e1me mo\u017enost zhl\u00e9dnout na vlastn\u00ed o\u010di d\u00edla, jejich\u017e st\u00e1\u0159\u00ed n\u011bkdy zasahuje a\u017e do ran\u00e9ho st\u0159edov\u011bku. Budete-li proch\u00e1zet z\u00e1mkem v \u010cesk\u00e9m Krumlov\u011b, anebo zatou\u017e\u00edte nav\u0161t\u00edvit  http:\/\/www.blesk.cz\/clanek\/cestovani\/423479\/izrael-laka-k-objevovani-6-tipu-na-zajimava-mista-ktera-urcite-musite-navstivit.html z\u00e1mek v Hlubok\u00e9 nad Vltavou \u010di jin\u00e9 z\u00e1meck\u00e9 objekty, kde se nach\u00e1zej\u00ed um\u011bleck\u00e9 skvosty tohoto typu, sna\u017ete se s va\u0161\u00ed p\u0159\u00edtelkyn\u00ed p\u0159en\u00e9st do doby, kdy tato d\u00edla vznikala, a kdy se lid\u00e9 pohybovali v p\u0159\u00edrod\u011b p\u0159ev\u00e1\u017en\u011b p\u011b\u0161ky nebo na kon\u00edch. Mo\u017en\u00e1 v\u00e1m tak\u00e9 dojde, \u017ee n\u00e1m v\u0161em sch\u00e1z\u00ed pohyb, a \u017ee by ne\u0161kodilo, kdybychom alespo\u0148 ob\u010das nechali auto doma a \u0161li se proj\u00edt jen tak s batohem na z\u00e1dech t\u0159eba na z\u00e1mek, kter\u00fd n\u00e1m tuto dobu prostou technick\u00fdch vymo\u017eenost\u00ed l\u00e9pe p\u0159ipomene.                                                                                                                                                                                                                                                                                                                                                                                                  "},{"@context":"https:\/\/schema.org\/","@type":"BreadcrumbList","itemListElement":[{"@type":"ListItem","position":1,"name":"Sezn\u00e1men\u00ed v z\u00e1meck\u00e9m interi\u00e9ru","item":"https:\/\/www.altero.cz\/seznameni-v-zameckem-interieru\/#breadcrumbitem"}]}]