[{"@context":"https:\/\/schema.org\/","@type":"Article","@id":"https:\/\/www.altero.cz\/v-zivote-se-musi-dat-laska-detem\/#Article","mainEntityOfPage":"https:\/\/www.altero.cz\/v-zivote-se-musi-dat-laska-detem\/","headline":"V \u017eivot\u011b se mus\u00ed d\u00e1t l\u00e1ska d\u011btem","name":"V \u017eivot\u011b se mus\u00ed d\u00e1t l\u00e1ska d\u011btem","description":"V\u0161ichni v\u00edme, kdy\u017e si n\u011bkdo po\u0159izuje d\u011bti, jak opravdu n\u00e1ro\u010dn\u00e9 to je. Samoz\u0159ejm\u011b n\u011bkdo si t\u0159eba neuv\u011bdomuje, pokud je\u0161t\u011b d\u00edt\u011b nem\u00e1, jak\u00e9 to je prost\u011b se o n\u011b \u0159\u00e1dn\u011b ka\u017ed\u00fd den starat, chystat jim j\u00eddlo&hellip;","datePublished":"2023-12-08","dateModified":"2023-12-08","author":{"@type":"Person","@id":"https:\/\/www.altero.cz\/author\/#Person","name":"","url":"https:\/\/www.altero.cz\/author\/","identifier":1,"image":{"@type":"ImageObject","@id":"https:\/\/secure.gravatar.com\/avatar\/b74f056f0354b8ee50fcd0e6106aa964423477cb93024726458fce7ffd63d5d8?s=96&d=mm&r=g","url":"https:\/\/secure.gravatar.com\/avatar\/b74f056f0354b8ee50fcd0e6106aa964423477cb93024726458fce7ffd63d5d8?s=96&d=mm&r=g","height":96,"width":96}},"publisher":{"@type":"Organization","name":"altero.cz","logo":{"@type":"ImageObject","@id":"\/logo.png","url":"\/logo.png","width":600,"height":60}},"image":{"@type":"ImageObject","@id":"https:\/\/www.altero.cz\/wp-content\/uploads\/child-7020051_1280_1.jpg","url":"https:\/\/www.altero.cz\/wp-content\/uploads\/child-7020051_1280_1.jpg","height":0,"width":0},"url":"https:\/\/www.altero.cz\/v-zivote-se-musi-dat-laska-detem\/","about":["D\u011bti"],"wordCount":452,"articleBody":"V\u0161ichni v\u00edme, kdy\u017e si n\u011bkdo po\u0159izuje d\u011bti, jak opravdu n\u00e1ro\u010dn\u00e9 to je. Samoz\u0159ejm\u011b n\u011bkdo si t\u0159eba neuv\u011bdomuje, pokud je\u0161t\u011b d\u00edt\u011b nem\u00e1, jak\u00e9 to je prost\u011b se o n\u011b \u0159\u00e1dn\u011b ka\u017ed\u00fd den starat, chystat jim j\u00eddlo a neust\u00e1le se jim v\u011bnovat. Tohle si n\u011bkte\u0159\u00ed rodi\u010de prost\u011b neuv\u011bdomuj\u00ed, proto\u017ee je\u0161t\u011b v\u016fbec nev\u011bd\u00ed, jak\u00e9 to je, kdy\u017e prost\u011b se jim narod\u00ed to d\u00edt\u011b a \u010dek\u00e1 je mnoho starost\u00ed do budoucna. Samoz\u0159ejm\u011b se nejedn\u00e1 jenom o starosti, ale v\u011b\u0159te, \u017ee budou i n\u011bjak\u00e9 mal\u00e9 radosti, kter\u00e9 budeme m\u00edt s t\u011bmi na\u0161imi d\u011btmi. Ono opravdu v tom \u017eivot\u011b to v\u016fbec nen\u00ed jednoduch\u00e9, proto\u017ee ty d\u011bti n\u00e1m d\u00e1vaj\u00ed zabrat. Mus\u00edme se jim v\u011bnovat, mus\u00edme je vychov\u00e1vat a opravdu u\u017e ten \u017eivot je v\u00edc takov\u00fd stresov\u011bj\u0161\u00ed. V\u017edy bychom ale m\u011bli prost\u011b myslet i na to, aby v\u0161echno kolem n\u00e1s bylo co nejv\u00edce pozitivn\u00ed, proto bychom si m\u011bli d\u011blat i radosti, proto\u017ee kdy\u017e si ud\u011bl\u00e1me radost, tak v\u011b\u0159te, \u017ee ten \u017eivot bude hnedka mnohem kr\u00e1sn\u011bj\u0161\u00ed. Ty d\u011bti od n\u00e1s tak\u00e9 o\u010dek\u00e1vaj\u00ed jako od rodi\u010d\u016f n\u011bjakou velkou radost a my nesm\u00edme po\u0159\u00e1d b\u00fdt p\u0159\u00edsn\u00ed a po\u0159\u00e1d n\u011bco zakazovat. Mus\u00edme b\u00fdt rodi\u010de jako n\u011bjac\u00ed dob\u0159\u00ed kamar\u00e1di. N\u011bkdo z rodi\u010d\u016f t\u0159eba pro sv\u00e9 d\u00edt\u011b nechce b\u00fdt kamar\u00e1dem, ale opravdu je to pot\u0159eba, proto\u017ee \u010d\u00edm v\u00edc si budete s d\u00edt\u011btem bli\u017e\u0161\u00ed, t\u00edm budete m\u00edt kr\u00e1sn\u011bj\u0161\u00ed a hlub\u0161\u00ed vztah do \u017eivota, ne\u017e, kdy\u017e budete neust\u00e1le d\u00edt\u011b buzerovat, budete je neust\u00e1le n\u011b\u010d\u00edm pok\u00e1rat, a to je velice \u0161patn\u011b. Proto bychom si m\u011bli d\u011bt\u00ed v\u00e1\u017eit a sna\u017eit se jim co nejv\u00edce toho \u0159\u00edct a st\u00e1t na jejich stran\u011b. V\u011b\u0159te, \u017ee jakmile va\u0161e d\u011bti vyrostou, tak jednou v\u00e1m budou velmi vd\u011b\u010dn\u00ed za to, jakou jste jim dali velkou l\u00e1sku, jak jste je podporovali, jak jste jim ud\u011blali radost. A v\u011b\u0159te, \u017ee ty d\u011bti budou \u017e\u00edt p\u0159esn\u011b tak, jakou jste jim dali l\u00e1sku vy. V\u017edy je nejd\u016fle\u017eit\u011bj\u0161\u00ed ta l\u00e1ska v \u017eivot\u011b, proto\u017ee ta l\u00e1ska d\u00e1v\u00e1 tu kr\u00e1su t\u011bm d\u011btem. P\u0159esn\u011b tohle je to nejkr\u00e1sn\u011bj\u0161\u00ed, co m\u016f\u017eeme sv\u00fdm d\u011btem, kter\u00e9 tak moc milujeme d\u00e1t.\u00a0                                                                                                                                                                                                                                                                                                                                                                                                "},{"@context":"https:\/\/schema.org\/","@type":"BreadcrumbList","itemListElement":[{"@type":"ListItem","position":1,"name":"V \u017eivot\u011b se mus\u00ed d\u00e1t l\u00e1ska d\u011btem","item":"https:\/\/www.altero.cz\/v-zivote-se-musi-dat-laska-detem\/#breadcrumbitem"}]}]