[{"@context":"https:\/\/schema.org\/","@type":"Article","@id":"https:\/\/www.altero.cz\/vite-na-cem-jste\/#Article","mainEntityOfPage":"https:\/\/www.altero.cz\/vite-na-cem-jste\/","headline":"V\u00edte na \u010dem jste","name":"V\u00edte na \u010dem jste","description":"Jist\u011b si pamatujete na pandemii covidu, kter\u00e1 na n\u00e1s ude\u0159ila v pln\u00e9 s\u00edle p\u0159ed \u010dty\u0159mi lety. \u0160lo o novou nemoc, kter\u00e1 kv\u016fli sv\u00fdm p\u0159\u00edznak\u016fm rychle z\u00edskala n\u00e1zev \u010d\u00ednsk\u00e1 ch\u0159ipka. A skute\u010dn\u011b \u010dasto u mnoha nemocn\u00fdch&hellip;","datePublished":"2024-06-11","dateModified":"2024-06-11","author":{"@type":"Person","@id":"https:\/\/www.altero.cz\/author\/#Person","name":"","url":"https:\/\/www.altero.cz\/author\/","identifier":1,"image":{"@type":"ImageObject","@id":"https:\/\/secure.gravatar.com\/avatar\/b74f056f0354b8ee50fcd0e6106aa964423477cb93024726458fce7ffd63d5d8?s=96&d=mm&r=g","url":"https:\/\/secure.gravatar.com\/avatar\/b74f056f0354b8ee50fcd0e6106aa964423477cb93024726458fce7ffd63d5d8?s=96&d=mm&r=g","height":96,"width":96}},"publisher":{"@type":"Organization","name":"altero.cz","logo":{"@type":"ImageObject","@id":"\/logo.png","url":"\/logo.png","width":600,"height":60}},"image":{"@type":"ImageObject","@id":"https:\/\/www.altero.cz\/wp-content\/uploads\/covid-6517476_640_10_9.jpg","url":"https:\/\/www.altero.cz\/wp-content\/uploads\/covid-6517476_640_10_9.jpg","height":0,"width":0},"url":"https:\/\/www.altero.cz\/vite-na-cem-jste\/","about":["N\u00e1kupy"],"wordCount":416,"articleBody":"      Jist\u011b si pamatujete na pandemii covidu, kter\u00e1 na n\u00e1s ude\u0159ila v pln\u00e9 s\u00edle p\u0159ed \u010dty\u0159mi lety. \u0160lo o novou nemoc, kter\u00e1 kv\u016fli sv\u00fdm p\u0159\u00edznak\u016fm rychle z\u00edskala n\u00e1zev \u010d\u00ednsk\u00e1 ch\u0159ipka. A skute\u010dn\u011b \u010dasto u mnoha nemocn\u00fdch b\u011b\u017enou ch\u0159ipku p\u0159ipom\u00ednala. Probl\u00e9m byl v tom, \u017ee na ni um\u00edralo mnohem v\u00edce lid\u00ed ne\u017e na tu, na kterou jsme byli doposud zvykl\u00ed. Nikdo p\u0159esn\u011b nev\u011bd\u011bl jak rychle se nemoc bude \u0161\u00ed\u0159it, kolik bude naka\u017een\u00fdch, ani jak moc z\u00e1va\u017en\u00e9 onemocn\u011bn\u00ed u koho bude.Nakonec se uk\u00e1zalo \u017ee pro velkou \u010d\u00e1st obyvatel m\u016f\u017ee b\u00fdt opravdu smrteln\u00e1. U mnoha lid\u00ed se covid uk\u00e1zal jako t\u011b\u017ek\u00fd z\u00e1pal plic, a spousta lid\u00ed skon\u010dila na um\u011bl\u00e9 plicn\u00ed ventilaci, odkud se u\u017e \u010d\u00e1st z nich nevr\u00e1tila dom\u016f. Nemoc byla probl\u00e9mem hlavn\u011b u mal\u00fdch d\u011bt\u00ed, star\u0161\u00edch lid\u00ed a pro ty, kte\u0159\u00ed maj\u00ed n\u011bjak\u00e9 chronick\u00e9 onemocn\u011bn\u00ed. Jen\u017ee nikdo nev\u011bd\u011bl jak covid rozeznat od jin\u00fdch nemoc\u00ed, proto\u017ee u ka\u017ed\u00e9ho m\u011bl covid zcela jin\u00fd pr\u016fb\u011bh. N\u011bkdo dokonce ani nev\u011bd\u011bl \u017ee covid aktu\u00e1ln\u011b m\u00e1. A tak v\u011bdci vyvinuli PCR test, kdy se sb\u00edral materi\u00e1l pro vyhodnocen\u00ed a\u017e z nosohltanu, co\u017e mohlo b\u00fdt i pom\u011brn\u011b hodn\u011b bolestiv\u00e9. Na\u0161t\u011bst\u00ed p\u0159i\u0161la sp\u00e1sa v podob\u011b antigenn\u00edch test\u016f, kter\u00e9 si m\u016f\u017eete d\u011blat i dnes.Pro\u010d si d\u011blat test? I kdy\u017e do\u0161lo k v\u00fdvoji o\u010dkov\u00e1n\u00ed a nemoc se poda\u0159ilo zkrotit, st\u00e1le je mo\u017en\u00e9 covid dostat, nikam toti\u017e nezmizel. I dnes p\u00e1r let po pandemii lid\u00e9 chod\u00ed do ordinac\u00ed praktick\u00fdch l\u00e9ka\u0159\u016f lid\u00e9 kte\u0159\u00ed covid maj\u00ed. Ide\u00e1ln\u00ed je kdy\u017e si nemocn\u00fd doma ud\u011bl\u00e1 s\u00e1m test aby zjistil zda m\u00e1 covid nebo p\u016fjde o jin\u00e9 onemocn\u011bn\u00ed. Pomoc\u00ed test\u016f m\u016f\u017eete zjistit zda bude lep\u0161\u00ed kdy\u017e dodr\u017e\u00edte karant\u00e9nu a z\u016fstanete nemocn\u00ed doma, proto\u017ee covid m\u016f\u017ee b\u00fdt i dnes fat\u00e1ln\u00ed t\u0159eba pro va\u0161e star\u0161\u00ed prarodi\u010de. Proto m\u011bjte doma t\u0159eba testy Flowflex Covidexpert, kter\u00e9 jsou velice citliv\u00e9 a dok\u00e1\u017eou detekovat dokonce i nejnov\u011bj\u0161\u00ed varianty covidu. D\u00edky v\u00fdsledku budete hned v\u011bd\u011bt na \u010dem jste a to s vysokou p\u0159esnost\u00ed.                                                                                                                                                                                                                                                                                                                                                                                                  "},{"@context":"https:\/\/schema.org\/","@type":"BreadcrumbList","itemListElement":[{"@type":"ListItem","position":1,"name":"V\u00edte na \u010dem jste","item":"https:\/\/www.altero.cz\/vite-na-cem-jste\/#breadcrumbitem"}]}]