[{"@context":"https:\/\/schema.org\/","@type":"Article","@id":"https:\/\/www.altero.cz\/vite-ze-drevo-je-nejlepsi-material\/#Article","mainEntityOfPage":"https:\/\/www.altero.cz\/vite-ze-drevo-je-nejlepsi-material\/","headline":"V\u00edte, \u017ee d\u0159evo je nejlep\u0161\u00ed materi\u00e1l?","name":"V\u00edte, \u017ee d\u0159evo je nejlep\u0161\u00ed materi\u00e1l?","description":"Ji\u017e od nepam\u011bti je d\u0159evo t\u00edm nejlep\u0161\u00edm, co si ka\u017ed\u00fd m\u016f\u017ee p\u0159\u00e1t. D\u00e1 se z n\u011bho stav\u011bt a vyr\u00e1b\u011bt v\u0161echno a pr\u00e1v\u011b to pochopili konstrukt\u00e9\u0159i a in\u017een\u00fd\u0159i oken ji\u017e d\u00e1vno, a proto ze d\u0159eva vyr\u00e1b\u011bli&hellip;","datePublished":"2025-01-22","dateModified":"2025-01-22","author":{"@type":"Person","@id":"https:\/\/www.altero.cz\/author\/#Person","name":"","url":"https:\/\/www.altero.cz\/author\/","identifier":1,"image":{"@type":"ImageObject","@id":"https:\/\/secure.gravatar.com\/avatar\/b74f056f0354b8ee50fcd0e6106aa964423477cb93024726458fce7ffd63d5d8?s=96&d=mm&r=g","url":"https:\/\/secure.gravatar.com\/avatar\/b74f056f0354b8ee50fcd0e6106aa964423477cb93024726458fce7ffd63d5d8?s=96&d=mm&r=g","height":96,"width":96}},"publisher":{"@type":"Organization","name":"altero.cz","logo":{"@type":"ImageObject","@id":"\/logo.png","url":"\/logo.png","width":600,"height":60}},"url":"https:\/\/www.altero.cz\/vite-ze-drevo-je-nejlepsi-material\/","wordCount":229,"articleBody":"Ji\u017e od nepam\u011bti je d\u0159evo t\u00edm nejlep\u0161\u00edm, co si ka\u017ed\u00fd m\u016f\u017ee p\u0159\u00e1t. D\u00e1 se z n\u011bho stav\u011bt a vyr\u00e1b\u011bt v\u0161echno a pr\u00e1v\u011b to pochopili konstrukt\u00e9\u0159i a in\u017een\u00fd\u0159i oken ji\u017e d\u00e1vno, a proto ze d\u0159eva vyr\u00e1b\u011bli okenn\u00ed r\u00e1my, kter\u00e9 byly levn\u00e9, odoln\u00e9 a nab\u00edzeli p\u0159esn\u011b to, co by si klasick\u00fd u\u017eivatel mohl p\u0159\u00e1t. V dne\u0161n\u00ed dob\u011b je ale v\u0161echno jinak, jen jedna v\u011bc z\u016fstala, a to pr\u00e1v\u011b ta, \u017ee ze d\u0159eva jsou st\u00e1le ty nejlep\u0161\u00ed okna. Vyb\u00edrejte si proto z velk\u00e9 nab\u00eddky r\u016fzn\u00fdch proveden\u00ed oken a m\u011bjte kvalitn\u00ed d\u0159ev\u011bn\u00e1 okna i u v\u00e1s doma. Skv\u011bl\u00e1 nab\u00eddka pro v\u0161echny Dlouho ji\u017e nab\u00edz\u00edme na\u0161e produkty oby\u010dejn\u00fdm lidem, kte\u0159\u00ed nemus\u00ed b\u00fdt bohat\u00ed, aby si na\u0161e produkty mohli dovolit. Proto se nemus\u00edte b\u00e1t, \u017ee by se v\u00e1m na\u0161e okna sice l\u00edbili, ale nemohli jste si je dovolit. Od toho jsme tu my a na\u0161e skv\u011bl\u00e9 ceny, kter\u00e9 pot\u011b\u0161\u00ed v\u0161echny. Proto si u n\u00e1s vybere jak n\u00e1ro\u010dn\u00fd jedinec, tak ti v\u0161ichni, kte\u0159\u00ed cht\u011bj\u00ed kvalitn\u00ed a nez\u00e1vadn\u00e1 okna k sob\u011b do domu.                                                                                                                                                                                                                                                                                                                                                                                                "},{"@context":"https:\/\/schema.org\/","@type":"BreadcrumbList","itemListElement":[{"@type":"ListItem","position":1,"name":"V\u00edte, \u017ee d\u0159evo je nejlep\u0161\u00ed materi\u00e1l?","item":"https:\/\/www.altero.cz\/vite-ze-drevo-je-nejlepsi-material\/#breadcrumbitem"}]}]