[{"@context":"https:\/\/schema.org\/","@type":"Article","@id":"https:\/\/www.altero.cz\/zelenina-na-zahrade\/#Article","mainEntityOfPage":"https:\/\/www.altero.cz\/zelenina-na-zahrade\/","headline":"Zelenina na zahrad\u011b","name":"Zelenina na zahrad\u011b","description":"Moje touha v\u017edycky byla takov\u00e1, \u017ee budu m\u00edt n\u011bjak\u00fd mal\u00fd dome\u010dek na vesnici, a hlavn\u011b velikou zahradu. J\u00e1 jsem takov\u00fd \u010dlov\u011bk, kter\u00fd by nejrad\u011bji v\u0161ude n\u011bkde l\u00edtal. Nerada sed\u00edm doma. V\u017edycky nejrad\u011bji\u00a0n\u011bkde jsem, abych se&hellip;","datePublished":"2023-06-22","dateModified":"2024-05-24","author":{"@type":"Person","@id":"https:\/\/www.altero.cz\/author\/#Person","name":"","url":"https:\/\/www.altero.cz\/author\/","identifier":1,"image":{"@type":"ImageObject","@id":"https:\/\/secure.gravatar.com\/avatar\/b74f056f0354b8ee50fcd0e6106aa964423477cb93024726458fce7ffd63d5d8?s=96&d=mm&r=g","url":"https:\/\/secure.gravatar.com\/avatar\/b74f056f0354b8ee50fcd0e6106aa964423477cb93024726458fce7ffd63d5d8?s=96&d=mm&r=g","height":96,"width":96}},"publisher":{"@type":"Organization","name":"altero.cz","logo":{"@type":"ImageObject","@id":"\/logo.png","url":"\/logo.png","width":600,"height":60}},"image":{"@type":"ImageObject","@id":"https:\/\/www.altero.cz\/wp-content\/uploads\/nudibranch-7356812_1280.jpg","url":"https:\/\/www.altero.cz\/wp-content\/uploads\/nudibranch-7356812_1280.jpg","height":0,"width":0},"url":"https:\/\/www.altero.cz\/zelenina-na-zahrade\/","about":["D\u016fm a zahrada"],"wordCount":437,"articleBody":"Moje touha v\u017edycky byla takov\u00e1, \u017ee budu m\u00edt n\u011bjak\u00fd mal\u00fd dome\u010dek na vesnici, a hlavn\u011b velikou zahradu. J\u00e1 jsem takov\u00fd \u010dlov\u011bk, kter\u00fd by nejrad\u011bji v\u0161ude n\u011bkde l\u00edtal. Nerada sed\u00edm doma. V\u017edycky nejrad\u011bji\u00a0n\u011bkde jsem, abych se nenudila. Tak\u00e9 nem\u00e1m r\u00e1da stereotyp a j\u00e1 jsem v\u017edycky r\u00e1da,\u00a0kdy\u017e za\u00a0mnou p\u0159ijdou kamar\u00e1dky anebo partner anebo m\u016fj syn a \u0159eknou\u00a0mi, abychom \u0161li ven. To se v\u017edycky raduji, ale tak\u00e9 se\u00a0mus\u00edm u\u010dit. J\u00e1 toti\u017e je\u0161t\u011b d\u00e1lkov\u011b studuji jednu\u00a0\u0161kolu, a je\u0161t\u011b se u\u010d\u00edm ciz\u00ed jazyky, proto\u017ee ciz\u00ed\u00a0jazyky m\u011b opravdu bav\u00ed. Bav\u00ed m\u011b se u\u010dit. Co se ale t\u00fdk\u00e1 zahrady, tak jsem takov\u00e1, \u017ee chci m\u00edt v\u017edycky zahradu opravdu v naprost\u00e9m po\u0159\u00e1dku. Kdy\u017e m\u00e1m t\u0159eba na zahrad\u011b n\u011bjak\u00fd krti\u010dinec,\u00a0tak ihned se mi je\u017e\u00ed chlupy na k\u016f\u017ei a v\u00edm, \u017ee je n\u011bkde nep\u0159\u00edtel. A ten nep\u0159\u00edtel je krtek.\u00a0Ani nev\u00edte, jak moc m\u011b to vad\u00ed! Anebo t\u0159eba kdy\u017e najdu na zahrad\u011b n\u011bjak\u00e9ho slim\u00e1ka, to tak\u00e9 m\u00e1m na sob\u011b hus\u00ed k\u016f\u017ei a \u0159\u00edk\u00e1m si, \u017ee moje raj\u010data a afrik\u00e1ny se ur\u010dit\u011b t\u0159esou hr\u016fzou. Ano, u\u017e kolikr\u00e1t mi slim\u00e1ci na zahrad\u011b se\u017eraly\u00a0v\u0161echny afrik\u00e1ny a tak\u00e9 okousaly\u00a0raj\u010data. Samoz\u0159ejm\u011b, \u017ee potom raj\u010data u\u017e \u017e\u00e1dn\u00e9\u00a0plody\u00a0m\u00edt nebudou. To m\u011b v\u017edycky \u0161tve. Kolikr\u00e1t si raj\u010data a papriky h\u00fd\u010dk\u00e1m, ale do r\u00e1na mi je v\u017edycky n\u011bkdo se\u017eere. No kdo jin\u00fd, ne\u017e n\u011bjak\u00fd \u0161nek a nebo slim\u00e1k.\u00a0Ale zase na druhou\u00a0stranu nechci pou\u017e\u00edvat \u017e\u00e1dn\u00e9 drah\u00e9 a drastick\u00e9 chemik\u00e1lie, kter\u00e9\u00a0by pr\u00e1v\u011b zni\u010dily \u0161neky a slim\u00e1ky. Kde\u017eto mi\u00a0zase ale n\u011bkdo \u0159\u00edk\u00e1, \u017ee \u0161neci\u00a0raj\u010data a afrik\u00e1ny ne\u017eerou, \u017ee pr\u00fd\u00a0jenom slim\u00e1ci. Ale jak j\u00e1 to pozn\u00e1m? Tohle bohu\u017eel poznat nejde. Nech\u00e1pu, jak mi n\u011bkdo m\u016f\u017ee o\u017e\u00edrat raj\u010data a papriky a tak\u00e9 afrik\u00e1ny. To potom v l\u00e9t\u011b skoro nic nem\u00e1m. Tak\u017ee i kdy\u017e si\u00a0nas\u00e1z\u00edm zeleninu, tak stejn\u011b j\u00ed potom v l\u00e9t\u011b mus\u00edm kupovat, proto\u017ee mi\u00a0z t\u00e9 nas\u00e1zen\u00e9 zeleniny t\u00e9m\u011b\u0159 nic nezbyde. T\u0159eba z deseti\u00a0ke\u0159\u00edk\u016f raj\u010dat mi zbydou jenom dv\u011b\u00a0ke\u0159\u00edky, a to je opravdu hodn\u011b m\u00e1lo pro tak velikou rodinu.\u00a0                                                                                                                                                                                                                                                                                                                                                                                                "},{"@context":"https:\/\/schema.org\/","@type":"BreadcrumbList","itemListElement":[{"@type":"ListItem","position":1,"name":"Zelenina na zahrad\u011b","item":"https:\/\/www.altero.cz\/zelenina-na-zahrade\/#breadcrumbitem"}]}]